{"id":111322,"date":"2022-05-18T18:27:28","date_gmt":"2022-05-18T16:27:28","guid":{"rendered":"https:\/\/motorcycles.news\/?p=111322"},"modified":"2026-02-02T06:28:57","modified_gmt":"2026-02-02T05:28:57","slug":"bmw-patent-active-aerodynamics-2","status":"publish","type":"post","link":"https:\/\/www.motorcycles.news\/en\/bmw-patent-active-aerodynamics-2\/","title":{"rendered":"BMW patent: active aerodynamics"},"content":{"rendered":"<p>[ss_click_to_tweet tweet=&#8221;BMW patent: active aerodynamics &#8211; MOTORCYCLES.NEWS&#8221; content=&#8221;BMW patent: active aerodynamics &#8211; MOTORCYCLES.NEWS&#8221; style=&#8221;default&#8221;]<\/p>\n<p>BMW has filed a patent application for a concept with adjustable air deflectors. The active aerodynamics are to be used to better protect the driver from the elements.<\/p>\n<p>One or the other might be familiar with active aerodynamics, which is not used to generate more downforce at the front wheel, but to offer the rider better protection. At the last EICMA, <a class=\"wpil_keyword_link\" href=\"https:\/\/www.motorcycles.news\/en\/tag\/moto-guzzi-en\/\" target=\"_blank\"  rel=\"noopener\" title=\"Moto Guzzi\" data-wpil-keyword-link=\"linked\"  data-wpil-monitor-id=\"11795\">Moto Guzzi<\/a> already presented the Mandello, which is already equipped with corresponding components. The BMW system, however, works somewhat differently.<\/p>\n<p>\u00a0<\/p>\n<h3><strong>Spring-loaded<\/strong><\/h3>\n<p>Moto Guzzi&#8217;s system is controlled by motors, while BMW&#8217;s system is based on springs. In addition, the mode of operation is also just the opposite. Where Moto Guzzi&#8217;s aerodynamic components offer more wind protection only at high speed, BMW&#8217;s spring-mounted system has the flaps open at low speed to protect against gusts of wind. Higher speed and a consequent increase in air pressure causes the flaps to close, creating a streamlined silhouette that should offer more stability at high speeds.<\/p>\n<p>\u00a0<\/p>\n<p>By adjusting the springs, it would be possible to tailor the BMW system to one&#8217;s own needs, i.e., up to what speed the aerodynamics are extended or above what speed the components are retracted.<\/p>\n<p>\u00a0<\/p>\n<p>Whether the system will actually be implemented in a production motorcycle is still open.<\/p>\n<p>\u00a0<\/p>\n<div class=\"g g-1\"><div class=\"g-single a-37\"><div class=\"atkp-container atkp-bestseller-box  atkp-template-bestseller\">\n                        <div class=\"atkp-box atkp-clearfix \"\n                 style=\"\">\n                <div class=\"atkp-predicateheadline atkp-predicate-highlight\">\n                    <span><\/span><\/div>\n                <div class=\"atkp-ribbon\"><span>#1<\/span><\/div>\n                <div class=\"atkp-thumb\">\n                                            <img decoding=\"async\" class=\"atkp-image\" src=\"https:\/\/www.motorcycles.news\/wp-content\/uploads\/2026\/02\/Held-eVest.webp\" alt=\"Held eVest (verschiedene Gr&ouml;&szlig;en)\" title=\"\">\n                                                                    <div class=\"atkp-rating\"><span class=\"atkp-star atkp-star-0 atkp-star-00\" title=\"0.00 of 5 stars\"><\/span><\/div>\n                                                                                    <div class=\"atkp-reviews\">Show customer reviews<\/div>\n                                                                                                                    <div class=\"atkp-shoplogo\"><img decoding=\"async\" src=\"https:\/\/gzhls.at\/b\/logos\/73057.gif\" alt=\"Polo-Motorrad\" style=\"max-height:50px;max-width:140px\" title=\"\"><\/div>\n                                    <\/div>\n                <div class=\"atkp-content\">\n                                            <a class=\"atkp-title\" href=\"https:\/\/geizhals.de\/redir\/AwAAAJySDtwlwZSFl6ZRQkYaAXcfJC03-p_hfJllDRc3u7ubQj2bDZuPGtDHOnY8r3IdBBOXxz0GGI6DtinaIraZRD36i5MFylvKaCkokHspG1jZP0OowU77m8pUvdjv4PwYhacRjThqYwCWX3fLv4wUga0dxwiRJwP0iladxQ0QRjYba_zu6CRtdiCFzkvT3WRh7mrckpUxKJbIsNaeCBxQCS0\" rel=\"sponsored nofollow noopener\" target=\"_blank\" title=\"Jetzt kaufen bei Polo-Motorrad\">Held eVest (verschiedene Gr&ouml;&szlig;en)*<\/a>\n                                        <div class=\"atkp-author\">by Held<\/div>\n\n                    <div class=\"atkp-description\"><ul>Held eVest Pro Airbag Weste schwarz\/grau XL - Motorradbekleidung - Protektoren & Sicherheit<\/ul>\n\n                                                    <div class=\"atkp-procontra\">\n                                                                                            <\/div>\n                                            <\/div>\n                <\/div>\n                <div class=\"atkp-bottom\">\n                                            <span class=\"atkp-price atkp-listprice\"><\/span>\n                                                                <span class=\"atkp-price atkp-savedamount\"><\/span>\n                                                                <span class=\"atkp-price atkp-saleprice\">\n                            &nbsp;Price: &euro; 479.95\n                                                            <span class=\"atkp_price atkp-baseprice\"><\/span>\n                                                    <\/span>\n                    \n\n\n                                            <a href=\"https:\/\/geizhals.de\/redir\/AwAAAJySDtwlwZSFl6ZRQkYaAXcfJC03-p_hfJllDRc3u7ubQj2bDZuPGtDHOnY8r3IdBBOXxz0GGI6DtinaIraZRD36i5MFylvKaCkokHspG1jZP0OowU77m8pUvdjv4PwYhacRjThqYwCWX3fLv4wUga0dxwiRJwP0iladxQ0QRjYba_zu6CRtdiCFzkvT3WRh7mrckpUxKJbIsNaeCBxQCS0\" rel=\"sponsored nofollow noopener\" target=\"_blank\" title=\"Jetzt kaufen bei Polo-Motorrad\" class=\"atkp-button\">Jetzt kaufen bei Polo-Motorrad!*<\/a>\n                                                                <div class=\"atkp-moreoffers-box  atkp-template-bestseller\">\n  \n \n\t\n\n  <div class=\"atkp-moreoffersinfo\">\n <div class=\"atkp-offers-dropdown\">\n <a class=\"atkp-offers-dropbtn\" style=\"font-size:12px\">Weitere Angebote &raquo;<\/a>\n <div class=\"atkp-offers-dropdown-content\">\n  <div class=\"atkp-container atkp-clearfix\">\n <a href=\"https:\/\/geizhals.de\/redir\/AwAAAJySDtwlwZSFl6ZRQkYaAXcfJC03-p_hfJllDRc3u7ubQj2bDZuPGtDHOnY8r3IdBBOXxz0GGI6DtinaIraZRD36i5MFylvKaCkokHspG1jZP0OowU77m8pUvdjv4PwYhacRjThqYwCWX3fLv4wUga0dxwiRJwP0iladxQ0QRjYba_zu6CRtdiCFzkvT3WRh7mrckpUxKJbIsNaeCBxQCS0\" rel=\"sponsored nofollow noopener\" target=\"_blank\" title=\"Jetzt kaufen bei Polo-Motorrad\">\n <span class=\"atkp-more-offers-left\" style=\"width: 25%;\">\n <img decoding=\"async\" src=\"https:\/\/gzhls.at\/b\/logos\/73057.gif\" alt=\"Polo-Motorrad\" title=\"\">\n <\/span>\n <span class=\"atkp-more-offers-right\" style=\"width: 65%;\">\n <span class=\"atkp-more-offers-price\">Price: &euro; 479.95<\/span><br\/>\n <span class=\"atkp-more-offers-shipping atkp-clearfix\">Shipping: N\/A<\/span>\n <\/span>\n <\/span>\n <\/a>\n <\/div>\n  <\/div>\n <\/div>\n <\/div>\n <\/div>                    \n                                            <span class=\"atkp-priceinfo\">Preis inkl. MwSt., zzgl. Versandkosten<\/span>\n                                    <\/div>\n            <\/div>\n                            <span class=\"atkp-disclaimer\">Zuletzt aktualisiert am 29 April, 2026 um 19:30 . Wir weisen darauf hin, dass sich hier angezeigte Preise inzwischen ge\u00e4ndert haben k\u00f6nnen. Alle Angaben ohne Gew\u00e4hr.<\/span>\n            <\/div>\n<\/div><\/div>\n<p>\u00a0<\/p>\n\n\n\n<figure class=\"wp-block-image size-large\"><img fetchpriority=\"high\" decoding=\"async\" width=\"1030\" height=\"687\" src=\"https:\/\/www.motorcycles.news\/wp-content\/uploads\/2022\/05\/2022-verstellbare-Aerodynamik-2-1030x687.jpeg\" alt=\"\" class=\"wp-image-111320\" title=\"\" srcset=\"https:\/\/www.motorcycles.news\/wp-content\/uploads\/2022\/05\/2022-verstellbare-Aerodynamik-2-1030x687.jpeg 1030w, https:\/\/www.motorcycles.news\/wp-content\/uploads\/2022\/05\/2022-verstellbare-Aerodynamik-2-450x300.jpeg 450w, https:\/\/www.motorcycles.news\/wp-content\/uploads\/2022\/05\/2022-verstellbare-Aerodynamik-2-780x520.jpeg 780w, https:\/\/www.motorcycles.news\/wp-content\/uploads\/2022\/05\/2022-verstellbare-Aerodynamik-2-1600x1068.jpeg 1600w, https:\/\/www.motorcycles.news\/wp-content\/uploads\/2022\/05\/2022-verstellbare-Aerodynamik-2-300x200.jpeg 300w, https:\/\/www.motorcycles.news\/wp-content\/uploads\/2022\/05\/2022-verstellbare-Aerodynamik-2-768x512.jpeg 768w, https:\/\/www.motorcycles.news\/wp-content\/uploads\/2022\/05\/2022-verstellbare-Aerodynamik-2-1536x1025.jpeg 1536w, https:\/\/www.motorcycles.news\/wp-content\/uploads\/2022\/05\/2022-verstellbare-Aerodynamik-2.jpeg 1920w\" sizes=\"(max-width: 1030px) 100vw, 1030px\" \/><figcaption><\/figcaption><\/figure>\n","protected":false},"excerpt":{"rendered":"<p>BMW has filed a patent application for a concept with adjustable air deflectors. The active aerodynamics are to be used to better protect the driver from the elements.<\/p>\n","protected":false},"author":4,"featured_media":111320,"comment_status":"open","ping_status":"closed","sticky":false,"template":"","format":"standard","meta":{"_acf_changed":false,"iawp_total_views":2,"footnotes":""},"categories":[711,758],"tags":[721,714,759],"class_list":["post-111322","post","type-post","status-publish","format-standard","has-post-thumbnail","category-news-en","category-technology","tag-bmw-en","tag-news-en","tag-technology"],"acf":[],"_links":{"self":[{"href":"https:\/\/www.motorcycles.news\/en\/wp-json\/wp\/v2\/posts\/111322","targetHints":{"allow":["GET"]}}],"collection":[{"href":"https:\/\/www.motorcycles.news\/en\/wp-json\/wp\/v2\/posts"}],"about":[{"href":"https:\/\/www.motorcycles.news\/en\/wp-json\/wp\/v2\/types\/post"}],"author":[{"embeddable":true,"href":"https:\/\/www.motorcycles.news\/en\/wp-json\/wp\/v2\/users\/4"}],"replies":[{"embeddable":true,"href":"https:\/\/www.motorcycles.news\/en\/wp-json\/wp\/v2\/comments?post=111322"}],"version-history":[{"count":0,"href":"https:\/\/www.motorcycles.news\/en\/wp-json\/wp\/v2\/posts\/111322\/revisions"}],"wp:featuredmedia":[{"embeddable":true,"href":"https:\/\/www.motorcycles.news\/en\/wp-json\/wp\/v2\/media\/111320"}],"wp:attachment":[{"href":"https:\/\/www.motorcycles.news\/en\/wp-json\/wp\/v2\/media?parent=111322"}],"wp:term":[{"taxonomy":"category","embeddable":true,"href":"https:\/\/www.motorcycles.news\/en\/wp-json\/wp\/v2\/categories?post=111322"},{"taxonomy":"post_tag","embeddable":true,"href":"https:\/\/www.motorcycles.news\/en\/wp-json\/wp\/v2\/tags?post=111322"}],"curies":[{"name":"wp","href":"https:\/\/api.w.org\/{rel}","templated":true}]}}