{"id":127083,"date":"2023-06-30T09:35:29","date_gmt":"2023-06-30T07:35:29","guid":{"rendered":"https:\/\/motorcycles.news\/?p=127083"},"modified":"2023-06-30T09:35:35","modified_gmt":"2023-06-30T07:35:35","slug":"the-harley-davidson-festival-in-budapest-a-mix-of-horsepower-music-and-international-community","status":"publish","type":"post","link":"https:\/\/www.motorcycles.news\/en\/the-harley-davidson-festival-in-budapest-a-mix-of-horsepower-music-and-international-community\/","title":{"rendered":"The Harley-Davidson Festival in Budapest: a mix of horsepower, music and international community"},"content":{"rendered":"<h3>Great motorcycle exhibition and more<\/h3>\n<p>The event offered not only a colorful hustle and bustle, but also an impressive presentation of new and classic motorcycles from Milwaukee. \u00a0A very special attention was attracted by the models <a href=\"https:\/\/www.motorcycles.news\/en\/harley-davidson-cvo-road-glide-2023\/\">CVO Road Glide<\/a> and <a href=\"https:\/\/www.motorcycles.news\/en\/harley-davidson-cvo-street-glide-2023\/\">CVO Street Glide<\/a>, which were presented only recently, namely two weeks before the start of the festival, and could now be admired for the first time on European soil.<\/p>\n<p>\u00a0<\/p>\n<h3>Test drives and off-road adventures<\/h3>\n<p>There was not only something for the eye, also driving enthusiasts got their money&#8217;s worth. \u00a0Visitors were allowed to steer over 70 <a class=\"wpil_keyword_link\" href=\"https:\/\/www.motorcycles.news\/en\/tag\/harley-davidson-en\/\" target=\"_blank\"  rel=\"noopener\" title=\"Harley-Davidson\" data-wpil-keyword-link=\"linked\"  data-wpil-monitor-id=\"3078\">Harley-Davidson<\/a> machines through the streets of Budapest and its surroundings. \u00a0Those looking for an adventure had the opportunity to ride along on the Pan America on- and off-road rides and experience the Adventure Touring Bikes up close.<\/p>\n<p>\u00a0<\/p>\n<h3>Global guests and regional beauty<\/h3>\n<p>Fans and riders of the Harley-Davidson brand from all over the world, including the USA, Australia, South Africa and Singapore, met in Budapest. \u00a0As a thank you for their long journey, they received free tours of up to 300 kilometers, led by regionally experienced Road Captains, who took the guests to the most beautiful places in northern Hungary.<\/p>\n<p>\u00a0<\/p>\n<h3>Music for every taste<\/h3>\n<p>Music lovers also got their money&#8217;s worth. \u00a0With over 50 bands performing on five stages, there was a diverse musical offering. \u00a0Australian bands Airbourne and Wolfmother, Larkin Poe from the USA, The Picture Books from Germany, British rock band The Darkness and Glenn Hughes, who closed the Sunday evening with classic Deep Purple rock, provided international flair. \u00a0An authentic Hungarian sound was provided by well-known bands such as EDDA M\u0171vek and Pokolg\u00e9p.<\/p>\n<p>\u00a0<\/p>\n<h3>Famous faces and winners<\/h3>\n<p>Among the prominent guests were Jochen Zeitz, the Chairman, President and CEO of Harley-Davidson, and Karen and Bill Davidson, the great-great-grandchildren of the company&#8217;s co-founder, William A. Davidson. \u00a0They were responsible for the drawing in which a visitor from Great Britain won a strictly limited Heritage Classic Anniversary.<\/p>\n<p>\u00a0<\/p>\n<h3>Custom bikes and creative competition<\/h3>\n<p>Numerous customized motorcycles could be admired in different areas of the festival grounds. \u00a0On Friday, the most creative conversions from eight countries competed in the Ride-in <a class=\"wpil_keyword_link\" href=\"https:\/\/www.motorcycles.news\/en\/category\/custombike-en\/\" target=\"_blank\"  rel=\"noopener\" title=\"Custombike\" data-wpil-keyword-link=\"linked\"  data-wpil-monitor-id=\"770\">Custombike<\/a> show supported by Metzeler. \u00a0Over 80 bikes, brought to Budapest especially for the competition, rose to the challenge. \u00a0The &#8220;Best of Show&#8221; prize went to Marco Sonnino from Italy. \u00a0Another highlight was the parade on Saturday, when more than 7,000 motorcycles rode through the city and were celebrated by the cheering public.<\/p>\n<p>\u00a0<\/p>\n<h3>Preview: H.O.G. Rally 2024<\/h3>\n<p>Harley-Davidson is already looking ahead: the venue for next year&#8217;s 30th H.O.G. Rally has been announced. \u00a0This event, which welcomes all bikers and motorcycle fans with free admission, will be held in Senigallia, Italy, from June 6 to 9, 2024. \u00a0The charming town, less than two hours from Bologna, boasts Renaissance architecture, impressive coastline and winding roads in the surrounding countryside, making it the ideal place for a tour in 2024.<\/p>\n<p>\u00a0<\/p>\n<h3>Fazit des Events<\/h3>\n<blockquote>\n<p>Kolja Rebstock, Regional Vice President for Europe, Middle East and Africa (EMEA), summed it up: &#8220;This was an incredible festival. It underlined the enormous appeal of Harley-Davidson and perfectly embodied the Harley lifestyle: We&#8217;re about so much more than motorcycles. On behalf of Harley-Davidson EMEA, I would like to thank the event organizers, Sportmarketing Agency Kft, the city of Budapest and of course the people of Hungary for supporting our synthesis of bikes, music and entertainment and warmly welcoming fans from all over the world. Our next major European event will take place in Faak, Austria, where we will welcome all bikers from September 5 to 10 to celebrate the 25th anniversary of the European Bike Week.&#8221;<\/p>\n<\/blockquote>\n<p>\u00a0<\/p>\n<blockquote>\n<div class=\"g g-1\"><div class=\"g-single a-48\"><div class=\"atkp-container atkp-bestseller-box  atkp-template-bestseller\">\n                        <div class=\"atkp-box atkp-clearfix \"\n                 style=\"\">\n                <div class=\"atkp-predicateheadline atkp-predicate-highlight\">\n                    <span><\/span><\/div>\n                <div class=\"atkp-ribbon\"><span>#1<\/span><\/div>\n                <div class=\"atkp-thumb\">\n                                            <img decoding=\"async\" class=\"atkp-image\" src=\"https:\/\/gzhls.at\/pix\/a1\/43\/a143422a0a59983a-n.webp\" alt=\"Dr. Wack S100 Visier- und Helmreiniger Set 100ml (2409)\" title=\"\">\n                                                                    <div class=\"atkp-rating\"><span class=\"atkp-star atkp-star-0 atkp-star-00\" title=\"0.00 of 5 stars\"><\/span><\/div>\n                                                                                    <div class=\"atkp-reviews\">Show customer reviews<\/div>\n                                                                                                                    <div class=\"atkp-shoplogo\"><img decoding=\"async\" src=\"https:\/\/\" alt=\"KFZteile24\" style=\"max-height:50px;max-width:140px\" title=\"\"><\/div>\n                                    <\/div>\n                <div class=\"atkp-content\">\n                                            <a class=\"atkp-title\" href=\"https:\/\/geizhals.eu\/redir\/AwAAADwxaEmPMIsSdOasrc5PQgmmtqjDHRwgNUaB-OxYio750oPbrzbnJ2vTkFBpK-SbiC6x5MhQquKzPWYdpTsGzSmmPJVecUHmKyoD_2BX3nHhjh_y0fNR_wMhbCnLHM9X9MCOAVH9AtyV6et0KNVX8NsiNCMu-AAR5Bamqnpl_Tz80YVcTz8JbevTkKzEPcQn3SA-T3fx1Tu70pQlkdW40-2yFrEwDOfDaVAQPnlHZbOs8Uho5JeLMOucOFpJ61UMTEPIx-9-vC43PtTAIKo1Z-Y\" rel=\"sponsored nofollow noopener\" target=\"_blank\" title=\"Buy now from KFZteile24\">Dr. Wack S100 Visier- und Helmreiniger Set 100ml (2409)*<\/a>\n                                        <div class=\"atkp-author\">by Dr. Wack<\/div>\n\n                    <div class=\"atkp-description\"><ul>DR. O.K.WACK 2409DR. O.K.WACK Bekleidungspflege-\/reparatur, Motorrad 2409 0.1l<\/ul>\n\n                                                    <div class=\"atkp-procontra\">\n                                                                                            <\/div>\n                                            <\/div>\n                <\/div>\n                <div class=\"atkp-bottom\">\n                                            <span class=\"atkp-price atkp-listprice\"><\/span>\n                                                                <span class=\"atkp-price atkp-savedamount\"><\/span>\n                                                                <span class=\"atkp-price atkp-saleprice\">\n                            &nbsp;Price: &euro; 11.83\n                                                            <span class=\"atkp_price atkp-baseprice\"><\/span>\n                                                    <\/span>\n                    \n\n\n                                            <a href=\"https:\/\/geizhals.eu\/redir\/AwAAADwxaEmPMIsSdOasrc5PQgmmtqjDHRwgNUaB-OxYio750oPbrzbnJ2vTkFBpK-SbiC6x5MhQquKzPWYdpTsGzSmmPJVecUHmKyoD_2BX3nHhjh_y0fNR_wMhbCnLHM9X9MCOAVH9AtyV6et0KNVX8NsiNCMu-AAR5Bamqnpl_Tz80YVcTz8JbevTkKzEPcQn3SA-T3fx1Tu70pQlkdW40-2yFrEwDOfDaVAQPnlHZbOs8Uho5JeLMOucOFpJ61UMTEPIx-9-vC43PtTAIKo1Z-Y\" rel=\"sponsored nofollow noopener\" target=\"_blank\" title=\"Buy now from KFZteile24\" class=\"atkp-button\">Buy now from KFZteile24!*<\/a>\n                                                                <div class=\"atkp-moreoffers-box  atkp-template-bestseller\">\n  \n \n\t\n\n  <div class=\"atkp-moreoffersinfo\">\n <div class=\"atkp-offers-dropdown\">\n <a class=\"atkp-offers-dropbtn\" style=\"font-size:12px\">Weitere Angebote &raquo;<\/a>\n <div class=\"atkp-offers-dropdown-content\">\n  <div class=\"atkp-container atkp-clearfix\">\n <a href=\"https:\/\/geizhals.eu\/redir\/AwAAADwxaEmPMIsSdOasrc5PQgmmtqjDHRwgNUaB-OxYio750oPbrzbnJ2vTkFBpK-SbiC6x5MhQquKzPWYdpTsGzSmmPJVecUHmKyoD_2BX3nHhjh_y0fNR_wMhbCnLHM9X9MCOAVH9AtyV6et0KNVX8NsiNCMu-AAR5Bamqnpl_Tz80YVcTz8JbevTkKzEPcQn3SA-T3fx1Tu70pQlkdW40-2yFrEwDOfDaVAQPnlHZbOs8Uho5JeLMOucOFpJ61UMTEPIx-9-vC43PtTAIKo1Z-Y\" rel=\"sponsored nofollow noopener\" target=\"_blank\" title=\"Buy now from KFZteile24\">\n <span class=\"atkp-more-offers-left\" style=\"width: 25%;\">\n <img decoding=\"async\" src=\"https:\/\/\" alt=\"KFZteile24\" title=\"\">\n <\/span>\n <span class=\"atkp-more-offers-right\" style=\"width: 65%;\">\n <span class=\"atkp-more-offers-price\">Price: &euro; 11.83<\/span><br\/>\n <span class=\"atkp-more-offers-shipping atkp-clearfix\">Shipping: N\/A<\/span>\n <\/span>\n <\/span>\n <\/a>\n <\/div>\n  <div class=\"atkp-container atkp-clearfix\">\n <a href=\"https:\/\/geizhals.de\/redir\/AwAAAFqfpVQ3Z5IjzpYuUZ8t3vEHB2LQ_D9YEead4eBkL8i5PI0TZB9kJPH3fQEw2-SU9F_dxV_s-gLMgJr8cBfRTRFBpWapHSfDGhvxH9dfnYHzo9qIZsBmhZQdi2abG0PJk0HTTsVDOokghuX_AxGTjnDaVM4s3r-z8Ae87fGzvb4So71KhAJDqste1ietQbvN_nW1MCwuzu0w-yWckwssYxt-rnZpr5CNTjB_Kti4Jz-D\" rel=\"sponsored nofollow noopener\" target=\"_blank\" title=\"Jetzt kaufen bei detailmate - Deine Autopflege\">\n <span class=\"atkp-more-offers-left\" style=\"width: 25%;\">\n <img decoding=\"async\" src=\"https:\/\/\" alt=\"detailmate - Deine Autopflege\" title=\"\">\n <\/span>\n <span class=\"atkp-more-offers-right\" style=\"width: 65%;\">\n <span class=\"atkp-more-offers-price\">Price: &euro; 13.99<\/span><br\/>\n <span class=\"atkp-more-offers-shipping atkp-clearfix\">Shipping: N\/A<\/span>\n <\/span>\n <\/span>\n <\/a>\n <\/div>\n  <div class=\"atkp-container atkp-clearfix\">\n <a href=\"https:\/\/geizhals.de\/redir\/AwAAAD03rwAYniNL4CXtVFyugYrQQ77UQ-MaziCmsF_8SLlmFG-pgNxLRheIFsZBeUhTHzQd5NmAAC0p4BQjqlMOJWccJu8gVn54o15y3jJYO3l0jNUdbmUK7X6Y78C9eiBJ2r0mc603AAHuHnAA5P-FyXtvksd0MNvC4IlpImijFvWju6Y61YSm5oWyFunlHP2D94ca6BRbQf6r4kIDv-O3Jzs5H4Gzli81zNBdHRmvRMw3wG41DULZblVXGz9dHDknSMGbBl5rWl_Uuht9_0x6V_WITq9LkoXlDcMSYZsAGI5koQvEBlk55dSQwRWcoXEfxERnasL1UndGtSsaiBm0vzwLcgBS7wz3I32kuenZWDL1_wi7XZq3ho5Uck71XBM5Q268DmaGjZHWo7iJEL9TlTBJP20bDXcI0W-BUvE18h5ndqftMfMqWeXSUIo2gRu-6A\" rel=\"sponsored nofollow noopener\" target=\"_blank\" title=\"Jetzt kaufen bei FC-Moto\">\n <span class=\"atkp-more-offers-left\" style=\"width: 25%;\">\n <img decoding=\"async\" src=\"https:\/\/gzhls.at\/b\/logos\/103570.png\" alt=\"FC-Moto\" title=\"\">\n <\/span>\n <span class=\"atkp-more-offers-right\" style=\"width: 65%;\">\n <span class=\"atkp-more-offers-price\">Price: &euro; 14.99<\/span><br\/>\n <span class=\"atkp-more-offers-shipping atkp-clearfix\">Shipping: N\/A<\/span>\n <\/span>\n <\/span>\n <\/a>\n <\/div>\n  <div class=\"atkp-container atkp-clearfix\">\n <a href=\"https:\/\/geizhals.eu\/redir\/AwAAAKetwxByeWi0kdIMak6MsQt8nDJAUg96PLGNQAXd3XaA12OhHBuzYPFUFR4mxZpbwrgFM4p7uGL6pS3rkWSVJxQraRCVbY7D_gOEBJs7DB3XLhzgJ7vxMAYrqhUAYMnoppspUkdkCa46wnpl8hVzdBwhzXv0KU7Fo4Y31LP2JtHXwJzB5csN4J27gc2rKsvBWYmboJTw3BR2F8Lxs7WSQ_UiNCMu-AAR5Bamqnpl_Tz80YVcTz8JbevTkKzEPcQn3SA-T3fx1Tu70pQlkdW40-2yFrEwDOfDaVAQPnlHZbOsqNyOzYugvF_Ln3hCKzR1W6_eCTraTPKW_-s3tRQGTvk\" rel=\"sponsored nofollow noopener\" target=\"_blank\" title=\"Buy now from Motor\u00f6le.at\">\n <span class=\"atkp-more-offers-left\" style=\"width: 25%;\">\n <img decoding=\"async\" src=\"https:\/\/gzhls.at\/b\/logos\/1255017.jpg\" alt=\"Motor\u00f6le.at\" title=\"\">\n <\/span>\n <span class=\"atkp-more-offers-right\" style=\"width: 65%;\">\n <span class=\"atkp-more-offers-price\">Price: &euro; 16.48<\/span><br\/>\n <span class=\"atkp-more-offers-shipping atkp-clearfix\">Shipping: N\/A<\/span>\n <\/span>\n <\/span>\n <\/a>\n <\/div>\n  <\/div>\n <\/div>\n <\/div>\n <\/div>                    \n                                            <span class=\"atkp-priceinfo\">Preis inkl. MwSt., zzgl. Versandkosten<\/span>\n                                    <\/div>\n            <\/div>\n                            <span class=\"atkp-disclaimer\">Zuletzt aktualisiert am 30 April, 2026 um 14:50 . Wir weisen darauf hin, dass sich hier angezeigte Preise inzwischen ge\u00e4ndert haben k\u00f6nnen. Alle Angaben ohne Gew\u00e4hr.<\/span>\n            <\/div>\n<\/div><\/div>\n<\/blockquote>\n<p>\u00a0<\/p>\n\n\n\n<figure class=\"wp-block-gallery has-nested-images columns-2 is-cropped wp-block-gallery-1 is-layout-flex wp-block-gallery-is-layout-flex\">\n<figure class=\"wp-block-image size-large\"><img fetchpriority=\"high\" decoding=\"async\" width=\"1030\" height=\"687\" data-id=\"127079\" src=\"https:\/\/www.motorcycles.news\/wp-content\/uploads\/2023\/06\/2023HD15_120th_Anniversary_Event_Budapest_1_1-1030x687.jpg\" alt=\"\" class=\"wp-image-127079\" title=\"\" srcset=\"https:\/\/www.motorcycles.news\/wp-content\/uploads\/2023\/06\/2023HD15_120th_Anniversary_Event_Budapest_1_1-1030x687.jpg 1030w, https:\/\/www.motorcycles.news\/wp-content\/uploads\/2023\/06\/2023HD15_120th_Anniversary_Event_Budapest_1_1-450x300.jpg 450w, https:\/\/www.motorcycles.news\/wp-content\/uploads\/2023\/06\/2023HD15_120th_Anniversary_Event_Budapest_1_1-780x520.jpg 780w, https:\/\/www.motorcycles.news\/wp-content\/uploads\/2023\/06\/2023HD15_120th_Anniversary_Event_Budapest_1_1-1600x1067.jpg 1600w, https:\/\/www.motorcycles.news\/wp-content\/uploads\/2023\/06\/2023HD15_120th_Anniversary_Event_Budapest_1_1-300x200.jpg 300w, https:\/\/www.motorcycles.news\/wp-content\/uploads\/2023\/06\/2023HD15_120th_Anniversary_Event_Budapest_1_1-768x512.jpg 768w, https:\/\/www.motorcycles.news\/wp-content\/uploads\/2023\/06\/2023HD15_120th_Anniversary_Event_Budapest_1_1-1536x1024.jpg 1536w, https:\/\/www.motorcycles.news\/wp-content\/uploads\/2023\/06\/2023HD15_120th_Anniversary_Event_Budapest_1_1.jpg 1920w\" sizes=\"(max-width: 1030px) 100vw, 1030px\" \/><figcaption><\/figcaption><\/figure>\n\n\n\n<figure class=\"wp-block-image size-large\"><img decoding=\"async\" width=\"1030\" height=\"773\" data-id=\"127077\" src=\"https:\/\/www.motorcycles.news\/wp-content\/uploads\/2023\/06\/2023HD15_120th_Anniversary_Event_Budapest_2_1-1030x773.jpg\" alt=\"\" class=\"wp-image-127077\" title=\"\" srcset=\"https:\/\/www.motorcycles.news\/wp-content\/uploads\/2023\/06\/2023HD15_120th_Anniversary_Event_Budapest_2_1-1030x773.jpg 1030w, https:\/\/www.motorcycles.news\/wp-content\/uploads\/2023\/06\/2023HD15_120th_Anniversary_Event_Budapest_2_1-280x210.jpg 280w, https:\/\/www.motorcycles.news\/wp-content\/uploads\/2023\/06\/2023HD15_120th_Anniversary_Event_Budapest_2_1-560x420.jpg 560w, https:\/\/www.motorcycles.news\/wp-content\/uploads\/2023\/06\/2023HD15_120th_Anniversary_Event_Budapest_2_1-450x338.jpg 450w, https:\/\/www.motorcycles.news\/wp-content\/uploads\/2023\/06\/2023HD15_120th_Anniversary_Event_Budapest_2_1-780x585.jpg 780w, https:\/\/www.motorcycles.news\/wp-content\/uploads\/2023\/06\/2023HD15_120th_Anniversary_Event_Budapest_2_1-1600x1201.jpg 1600w, https:\/\/www.motorcycles.news\/wp-content\/uploads\/2023\/06\/2023HD15_120th_Anniversary_Event_Budapest_2_1-300x225.jpg 300w, https:\/\/www.motorcycles.news\/wp-content\/uploads\/2023\/06\/2023HD15_120th_Anniversary_Event_Budapest_2_1-768x576.jpg 768w, https:\/\/www.motorcycles.news\/wp-content\/uploads\/2023\/06\/2023HD15_120th_Anniversary_Event_Budapest_2_1-1536x1153.jpg 1536w, https:\/\/www.motorcycles.news\/wp-content\/uploads\/2023\/06\/2023HD15_120th_Anniversary_Event_Budapest_2_1.jpg 1920w\" sizes=\"(max-width: 1030px) 100vw, 1030px\" \/><figcaption><\/figcaption><\/figure>\n\n\n\n<figure class=\"wp-block-image size-large\"><img decoding=\"async\" width=\"1030\" height=\"773\" data-id=\"127075\" src=\"https:\/\/www.motorcycles.news\/wp-content\/uploads\/2023\/06\/2023HD15_120th_Anniversary_Event_Budapest_3-1030x773.jpg\" alt=\"\" class=\"wp-image-127075\" title=\"\" srcset=\"https:\/\/www.motorcycles.news\/wp-content\/uploads\/2023\/06\/2023HD15_120th_Anniversary_Event_Budapest_3-1030x773.jpg 1030w, https:\/\/www.motorcycles.news\/wp-content\/uploads\/2023\/06\/2023HD15_120th_Anniversary_Event_Budapest_3-280x210.jpg 280w, https:\/\/www.motorcycles.news\/wp-content\/uploads\/2023\/06\/2023HD15_120th_Anniversary_Event_Budapest_3-560x420.jpg 560w, https:\/\/www.motorcycles.news\/wp-content\/uploads\/2023\/06\/2023HD15_120th_Anniversary_Event_Budapest_3-450x338.jpg 450w, https:\/\/www.motorcycles.news\/wp-content\/uploads\/2023\/06\/2023HD15_120th_Anniversary_Event_Budapest_3-780x585.jpg 780w, https:\/\/www.motorcycles.news\/wp-content\/uploads\/2023\/06\/2023HD15_120th_Anniversary_Event_Budapest_3-1600x1200.jpg 1600w, https:\/\/www.motorcycles.news\/wp-content\/uploads\/2023\/06\/2023HD15_120th_Anniversary_Event_Budapest_3-300x225.jpg 300w, https:\/\/www.motorcycles.news\/wp-content\/uploads\/2023\/06\/2023HD15_120th_Anniversary_Event_Budapest_3-768x576.jpg 768w, https:\/\/www.motorcycles.news\/wp-content\/uploads\/2023\/06\/2023HD15_120th_Anniversary_Event_Budapest_3-1536x1152.jpg 1536w, https:\/\/www.motorcycles.news\/wp-content\/uploads\/2023\/06\/2023HD15_120th_Anniversary_Event_Budapest_3-2048x1536.jpg 2048w\" sizes=\"(max-width: 1030px) 100vw, 1030px\" \/><figcaption><\/figcaption><\/figure>\n<\/figure>\n","protected":false},"excerpt":{"rendered":"<p>Between June 22 and 25, Budapest&#8217;s Pusk\u00e1s Ar\u00e9na Park in Hungary was transformed into a motorized spectacle: the 120th anniversary festival of Harley-Davidson, the cult U.S. brand, stopped here to thrill fans of motorcycles and music alike.<\/p>\n","protected":false},"author":4,"featured_media":127080,"comment_status":"closed","ping_status":"closed","sticky":false,"template":"","format":"standard","meta":{"_acf_changed":false,"iawp_total_views":2,"footnotes":""},"categories":[711,102],"tags":[842,116,714],"class_list":["post-127083","post","type-post","status-publish","format-standard","has-post-thumbnail","category-news-en","category-meeting","tag-harley-davidson-en","tag-meeting-2","tag-news-en"],"acf":[],"_links":{"self":[{"href":"https:\/\/www.motorcycles.news\/en\/wp-json\/wp\/v2\/posts\/127083","targetHints":{"allow":["GET"]}}],"collection":[{"href":"https:\/\/www.motorcycles.news\/en\/wp-json\/wp\/v2\/posts"}],"about":[{"href":"https:\/\/www.motorcycles.news\/en\/wp-json\/wp\/v2\/types\/post"}],"author":[{"embeddable":true,"href":"https:\/\/www.motorcycles.news\/en\/wp-json\/wp\/v2\/users\/4"}],"replies":[{"embeddable":true,"href":"https:\/\/www.motorcycles.news\/en\/wp-json\/wp\/v2\/comments?post=127083"}],"version-history":[{"count":0,"href":"https:\/\/www.motorcycles.news\/en\/wp-json\/wp\/v2\/posts\/127083\/revisions"}],"wp:featuredmedia":[{"embeddable":true,"href":"https:\/\/www.motorcycles.news\/en\/wp-json\/wp\/v2\/media\/127080"}],"wp:attachment":[{"href":"https:\/\/www.motorcycles.news\/en\/wp-json\/wp\/v2\/media?parent=127083"}],"wp:term":[{"taxonomy":"category","embeddable":true,"href":"https:\/\/www.motorcycles.news\/en\/wp-json\/wp\/v2\/categories?post=127083"},{"taxonomy":"post_tag","embeddable":true,"href":"https:\/\/www.motorcycles.news\/en\/wp-json\/wp\/v2\/tags?post=127083"}],"curies":[{"name":"wp","href":"https:\/\/api.w.org\/{rel}","templated":true}]}}