{"id":166421,"date":"2025-12-06T13:33:00","date_gmt":"2025-12-06T12:33:00","guid":{"rendered":"https:\/\/www.motorcycles.news\/?p=166421"},"modified":"2026-02-02T09:33:35","modified_gmt":"2026-02-02T08:33:35","slug":"ktm-850er-motogp-test-jerez","status":"publish","type":"post","link":"https:\/\/www.motorcycles.news\/en\/ktm-850er-motogp-test-jerez\/","title":{"rendered":"KTM tests new 850cc MotoGP engine in Jerez"},"content":{"rendered":"\n\n\n<ul>\n<li>First publicly known 850cc MotoGP testing by KTM<\/li>\n<li>Private test with Pol Espargaro and Dani Pedrosa at the Circuito de Jerez<\/li>\n<li>New engine sounds significantly different from current 1000cc units<\/li>\n<\/ul>\n<p>The <a class=\"wpil_keyword_link\" href=\"\/?tag=testbericht\" target=\"_blank\"  rel=\"noopener\" title=\"test\" data-wpil-keyword-link=\"linked\"  data-wpil-monitor-id=\"14650\">test<\/a> drives are considered the technical kick-off for the future MotoGP generation, which, in addition to reducing displacement, will also bring restrictions on aerodynamic elements and chassis devices to make overtaking easier and increase safety.<\/p>\n<p><!-- notionvc: acaa12ae-d803-4712-9863-1714bde57bf8 --><\/p>\n\n\n\n<h2>First rollout laps with the 850cc engine<\/h2>\n<p>KTM brought the new engine to Jerez for private testing on December 4, making it the first manufacturer to put a roadworthy 850cc engine on the track. Pol Espargaro and Dani Pedrosa took care of the first few kilometers. Both had already accompanied countless hours of testing on the engine.<\/p>\n<p>A short video from Jerez shows the machine on the start-finish straight. The sound is significantly different from the 1000cc engines of the current generation. KTM did not provide any further technical details, but winglets in a black carbon look were visible. According to KTM, the new engine base will set the development direction until the start of the 2027 season.<\/p>\n<p><!-- notionvc: 8b265106-82b1-47b2-927b-ddb05853326d --><\/p>\n\n\n\n<p><a href=\"https:\/\/www.instagram.com\/reel\/DR2rBVLCKqy\/?utm_source=ig_embed\" target=\"_blank\" rel=\"nofollow noopener\">https:\/\/www.instagram.com\/reel\/DR2rBVLCKqy\/?utm_source=ig_embed<\/a><\/p>\n\n\n\n<h2>Test conditions<\/h2>\n<p>The test phase is possible because the ban on testing the new 850cc engines was lifted on November 17. Previously, manufacturers were only allowed to run their engines on the test bench. Since the Valencia test officially kicked off the 2026 season, KTM is not in breach of the agreement between the manufacturers that no 850cc rides should take place during the 2025 season.<\/p>\n<p>The number of laps completed by Espargaro and Pedrosa was not disclosed. The manufacturer is also keeping quiet about alternative test programs. However, additional aerodynamic components were visible on the motorcycle, which were apparently still unpainted.<\/p>\n<h2>A signal for the future of MotoGP<\/h2>\n<p>The test in Jerez is seen as a clear commitment by KTM to the new regulations and to continuing its involvement in MotoGP. In recent months, economic difficulties had led to speculation about a possible withdrawal. The early rollout of the 850cc prototype contradicts these assumptions.<\/p>\n<p>The changes from 2027 are among the most extensive in the history of MotoGP. In addition to the reduction in displacement to 850cc, ride height devices will be banned and aerodynamics reduced. Furthermore, Pirelli will take over the role of sole tire supplier from 2027.<\/p>\n<h2>Focus on the riders<\/h2>\n<p>Pol Espargaro commented on the test via social media, writing: \u201cCan you hear that? The future has been launched. Our 850cc engine is alive and ready to race in 2027.\u201d Dani Pedrosa did not share any details, but also took part in the test program. While the testers were working in Jerez, Pedro Acosta trained independently on a 600cc Supersport motorcycle.<\/p>\n<h2>Outlook<\/h2>\n<p>It remains to be seen when KTM will take the next step in the test program. However, given the ambitious regulations, the next phase of development is unlikely to be long in coming. Initial impressions from Jerez show that implementation of the future regulations has begun and that KTM is actively working on the technical realignment of MotoGP.<\/p>\n<p><!-- notionvc: 3eeda572-7238-4ee6-8cf3-1f0196b1a987 --><\/p>\n\n\n<div class=\"g g-1\"><div class=\"g-single a-12\"><div class=\"atkp-container atkp-bestseller-box  atkp-template-bestseller\">\n                        <div class=\"atkp-box atkp-clearfix \"\n                 style=\"\">\n                <div class=\"atkp-predicateheadline atkp-predicate-highlight\">\n                    <span><\/span><\/div>\n                <div class=\"atkp-ribbon\"><span>#1<\/span><\/div>\n                <div class=\"atkp-thumb\">\n                                            <img decoding=\"async\" class=\"atkp-image\" src=\"https:\/\/www.motorcycles.news\/wp-content\/uploads\/2025\/05\/Cardo-Packtalk-Pro.jpg\" alt=\"Cardo Packtalk Pro (PTP00001)\" title=\"\">\n                                                                    <div class=\"atkp-rating\"><span class=\"atkp-star atkp-star-0 atkp-star-00\" title=\"0.00 of 5 stars\"><\/span><\/div>\n                                                                                    <div class=\"atkp-reviews\">Show customer reviews<\/div>\n                                                                                                                    <div class=\"atkp-shoplogo\"><img decoding=\"async\" src=\"https:\/\/\" alt=\"CS BikeWear\" style=\"max-height:50px;max-width:140px\" title=\"\"><\/div>\n                                    <\/div>\n                <div class=\"atkp-content\">\n                                            <a class=\"atkp-title\" href=\"https:\/\/geizhals.de\/redir\/AwAAAMWHNw-Ngq2CgGQlJjbg_nRSKRiFbJ2Byz8xmgH2MS11mCgwxUxkF9wKPW69Et9XNgGMTtLcS_5o_lQaywCKHOPBWieD6QkEhQKFrmmKK9stGJxoA2xZg3FnBFo8cJq7nQxXi7dMS2hB2BuxTDBZLtEUkjutN-ZEmPpRYCqC53JNXenHNguZyhX06CdfEorKHhUoaJn1FibAfor0vWYnkfUlTzOQLqHBizLARQulvSebPFqlHPDqaIi0ZBdbAtzd2gtyAFLvDPcjfaS56dlYMvX_CLtdmreGjlRyTvVcEzlDbrwOZoaNkdajuIkQv1OVMMuKAHQkY-CWrF9FxBn-wwmgAA83jXT1e1qMT3e_tIK8\" rel=\"nofollow sponsored noopener\" target=\"_blank\" title=\"Jetzt kaufen bei CS BikeWear\">Cardo Packtalk Pro (PTP00001)*<\/a>\n                                        <div class=\"atkp-author\">by Cardo<\/div>\n\n                    <div class=\"atkp-description\"><ul>Cardo 671065-00\/001-0-StckCardo Packtalk Pro Kommunikationssystem Singlebox 1 Ger\u00e4t<\/ul>\n\n                                                    <div class=\"atkp-procontra\">\n                                                                                            <\/div>\n                                            <\/div>\n                <\/div>\n                <div class=\"atkp-bottom\">\n                                            <span class=\"atkp-price atkp-listprice\"><\/span>\n                                                                <span class=\"atkp-price atkp-savedamount\"><\/span>\n                                                                <span class=\"atkp-price atkp-saleprice\">\n                            &nbsp;Price: &euro; 364.90\n                                                            <span class=\"atkp_price atkp-baseprice\"><\/span>\n                                                    <\/span>\n                    \n\n\n                                            <a href=\"https:\/\/geizhals.de\/redir\/AwAAAMWHNw-Ngq2CgGQlJjbg_nRSKRiFbJ2Byz8xmgH2MS11mCgwxUxkF9wKPW69Et9XNgGMTtLcS_5o_lQaywCKHOPBWieD6QkEhQKFrmmKK9stGJxoA2xZg3FnBFo8cJq7nQxXi7dMS2hB2BuxTDBZLtEUkjutN-ZEmPpRYCqC53JNXenHNguZyhX06CdfEorKHhUoaJn1FibAfor0vWYnkfUlTzOQLqHBizLARQulvSebPFqlHPDqaIi0ZBdbAtzd2gtyAFLvDPcjfaS56dlYMvX_CLtdmreGjlRyTvVcEzlDbrwOZoaNkdajuIkQv1OVMMuKAHQkY-CWrF9FxBn-wwmgAA83jXT1e1qMT3e_tIK8\" rel=\"nofollow sponsored noopener\" target=\"_blank\" title=\"Jetzt kaufen bei CS BikeWear\" class=\"atkp-button\">Jetzt kaufen bei CS BikeWear!*<\/a>\n                                                                <div class=\"atkp-moreoffers-box  atkp-template-bestseller\">\n  \n \n\t\n\n  <div class=\"atkp-moreoffersinfo\">\n <div class=\"atkp-offers-dropdown\">\n <a class=\"atkp-offers-dropbtn\" style=\"font-size:12px\">Weitere Angebote &raquo;<\/a>\n <div class=\"atkp-offers-dropdown-content\">\n  <div class=\"atkp-container atkp-clearfix\">\n <a href=\"https:\/\/geizhals.de\/redir\/AwAAAMWHNw-Ngq2CgGQlJjbg_nRSKRiFbJ2Byz8xmgH2MS11mCgwxUxkF9wKPW69Et9XNgGMTtLcS_5o_lQaywCKHOPBWieD6QkEhQKFrmmKK9stGJxoA2xZg3FnBFo8cJq7nQxXi7dMS2hB2BuxTDBZLtEUkjutN-ZEmPpRYCqC53JNXenHNguZyhX06CdfEorKHhUoaJn1FibAfor0vWYnkfUlTzOQLqHBizLARQulvSebPFqlHPDqaIi0ZBdbAtzd2gtyAFLvDPcjfaS56dlYMvX_CLtdmreGjlRyTvVcEzlDbrwOZoaNkdajuIkQv1OVMMuKAHQkY-CWrF9FxBn-wwmgAA83jXT1e1qMT3e_tIK8\" rel=\"nofollow sponsored noopener\" target=\"_blank\" title=\"Jetzt kaufen bei CS BikeWear\">\n <span class=\"atkp-more-offers-left\" style=\"width: 25%;\">\n <img decoding=\"async\" src=\"https:\/\/\" alt=\"CS BikeWear\" title=\"\">\n <\/span>\n <span class=\"atkp-more-offers-right\" style=\"width: 65%;\">\n <span class=\"atkp-more-offers-price\">Price: &euro; 364.90<\/span><br\/>\n <span class=\"atkp-more-offers-shipping atkp-clearfix\">Shipping: N\/A<\/span>\n <\/span>\n <\/span>\n <\/a>\n <\/div>\n  <div class=\"atkp-container atkp-clearfix\">\n <a href=\"https:\/\/geizhals.de\/redir\/AwAAAIjH9ldTaCKDvcYz9DCDTVwwU25Ua1IWuAfkWiVy6lczyToYBCh91rprnnCRyWOCqlAJf79s4aUKICnJzzctpUR_SJZVxwOKyhQWyyDbCTrO5eVA5J4MtAHcHiMv37jxCp1bjZ7jAoyutLdqx8NbOVOmPJVecUHmKyoD_2BX3nHhaNy7VVD6Ga1Aoegh_A0TqkDZlMdF4prWXzAP6frVE_gxBQJCiBC4eUlZVlX_z0xuh0_qxVdWqDQD_0Q7-KEK5n9VHZJMFI6KOU5lLjxY92TRhVxPPwlt69OQrMQ9xCfdID5Pd_HVO7vSlCWR1bjT7bIWsTAM58NpUBA-eUdls6y0Ln-1tmOCqytsAzVn3CCkNsF9wBlWaMnTIpdXtB8BbQ\" rel=\"nofollow sponsored noopener\" target=\"_blank\" title=\"Jetzt kaufen bei Louis Motorradzubeh\u00f6r\">\n <span class=\"atkp-more-offers-left\" style=\"width: 25%;\">\n <img decoding=\"async\" src=\"https:\/\/\" alt=\"Louis Motorradzubeh\u00f6r\" title=\"\">\n <\/span>\n <span class=\"atkp-more-offers-right\" style=\"width: 65%;\">\n <span class=\"atkp-more-offers-price\">Price: &euro; 384.95<\/span><br\/>\n <span class=\"atkp-more-offers-shipping atkp-clearfix\">Shipping: N\/A<\/span>\n <\/span>\n <\/span>\n <\/a>\n <\/div>\n  <div class=\"atkp-container atkp-clearfix\">\n <a href=\"https:\/\/geizhals.de\/redir\/AwAAAImQnbZrzNzTNrwc1D650iaSlsaG_YoxKKLwwEnOmpQ7M4cWCFHS9sCS9fVf1IIKdXtYDsENCVlEjhmqHrB43w46gVQUOrYUSh8FbAny4bq8R4F1p42jYqRcGtujkJgkSnJMdGjLkVxO5ZCChgkK4rv3vGY7BJAurBZZKojUCRVrXadr8ru9jL2GSKxEgbBIMKY8lV5xQeYrKgP_YFfeceHjfbjk44EIJmuxoRihBo7p9KP-t7431ScGAJB2miTCoAqMargaWAReFPRfUKAdyioe-mExCEppcyr-rzvJbejnIMTRZiu7UrS2lZH4VoBTXcD-rOReG9Rbq35b--B0OKYQ9RKHWRqQNxz3CSfjeLkh\" rel=\"nofollow sponsored noopener\" target=\"_blank\" title=\"Jetzt kaufen bei motoin.de\">\n <span class=\"atkp-more-offers-left\" style=\"width: 25%;\">\n <img decoding=\"async\" src=\"https:\/\/gzhls.at\/b\/logos\/103572.jpg\" alt=\"motoin.de\" title=\"\">\n <\/span>\n <span class=\"atkp-more-offers-right\" style=\"width: 65%;\">\n <span class=\"atkp-more-offers-price\">Price: &euro; 385.95<\/span><br\/>\n <span class=\"atkp-more-offers-shipping atkp-clearfix\">Shipping: N\/A<\/span>\n <\/span>\n <\/span>\n <\/a>\n <\/div>\n  <div class=\"atkp-container atkp-clearfix\">\n <a href=\"https:\/\/geizhals.de\/redir\/AwAAAGwpOlj119_KrAdh-EojNy0hgPTdGSjBv0YptMz1XA_TSq2_HgtUSsq1i3zkIMbycuCHMLvg5TWZndH2PCi1aAhqJlCnuoxd1pd5FxKICA3YmAzQdshUGvrzDnoMRAWAqbnJYB3HdE6Dd8iO6SvxPmjxuUXirNeRyVbdPlBd7o8lc8qML8D8uBxPm1hUVkSD-Ed_0p6FlTD-u3ogO9Q_TmI\" rel=\"nofollow sponsored noopener\" target=\"_blank\" title=\"Jetzt kaufen bei Stiebinger Motorradbekleidung\">\n <span class=\"atkp-more-offers-left\" style=\"width: 25%;\">\n <img decoding=\"async\" src=\"https:\/\/\" alt=\"Stiebinger Motorradbekleidung\" title=\"\">\n <\/span>\n <span class=\"atkp-more-offers-right\" style=\"width: 65%;\">\n <span class=\"atkp-more-offers-price\">Price: &euro; 469.99<\/span><br\/>\n <span class=\"atkp-more-offers-shipping atkp-clearfix\">Shipping: N\/A<\/span>\n <\/span>\n <\/span>\n <\/a>\n <\/div>\n  <div class=\"atkp-container atkp-clearfix\">\n <a href=\"https:\/\/geizhals.eu\/redir\/AwAAAC-_11S1d2bDOeVmPsAa9T1npq9aN5mLrukm6JnkP_cP5TeNMZCHrgRleIQn7NATZApyjslWbkMMrHsGqm9mNfyGZbmkWyg029oNfFrsHcpndBtuEbOaclP8xJw5s3SXrPL-tQE0TiaWTFEENsGft4RmiEvuAUHLp3h4bZ5X0RpMRNTXICrRig5M9L3Ipbyoy0HTTsVDOokghuX_AxGTjnDaVM4s3r-z8Ae87fGzvb4So71KhAJDqste1ietQbvN_h8Ma_xJjgGCCVBWpE6s_GgvUbhXXXnTXsjeHXbQXis4\" rel=\"nofollow sponsored noopener\" target=\"_blank\" title=\"Buy now from UNIVERS-CLUB\">\n <span class=\"atkp-more-offers-left\" style=\"width: 25%;\">\n <img decoding=\"async\" src=\"https:\/\/gzhls.at\/b\/logos\/3992101.png\" alt=\"UNIVERS-CLUB\" title=\"\">\n <\/span>\n <span class=\"atkp-more-offers-right\" style=\"width: 65%;\">\n <span class=\"atkp-more-offers-price\">Price: &euro; 473.96<\/span><br\/>\n <span class=\"atkp-more-offers-shipping atkp-clearfix\">Shipping: N\/A<\/span>\n <\/span>\n <\/span>\n <\/a>\n <\/div>\n  <div class=\"atkp-container atkp-clearfix\">\n <a href=\"https:\/\/geizhals.de\/redir\/AwAAAC-_11S1d2bDOeVmPsAa9T2V8hQ9H_LBMS59lKGNjT8L5TeNMZCHrgRleIQn7NATZApyjslWbkMMrHsGqm9mNfyGZbmkWyg029oNfFrsHcpndBtuEbOaclP8xJw5s3SXrPL-tQE0TiaWTFEENsGft4QxXNf0YXF8CvIXfCso3fkQEzZtZzjCIc2R6ekdGkQN60HTTsVDOokghuX_AxGTjnDaVM4s3r-z8Ae87fGzvb4So71KhAJDqste1ietQbvN_kSmL3vShpzV9QUebdNtSAkPhyM3QQJpYn5ZoOokF4sJ\" rel=\"nofollow sponsored noopener\" target=\"_blank\" title=\"Jetzt kaufen bei Kosa-shop\">\n <span class=\"atkp-more-offers-left\" style=\"width: 25%;\">\n <img decoding=\"async\" src=\"https:\/\/gzhls.at\/b\/logos\/4113510.png\" alt=\"Kosa-shop\" title=\"\">\n <\/span>\n <span class=\"atkp-more-offers-right\" style=\"width: 65%;\">\n <span class=\"atkp-more-offers-price\">Price: &euro; 498.99<\/span><br\/>\n <span class=\"atkp-more-offers-shipping atkp-clearfix\">Shipping: N\/A<\/span>\n <\/span>\n <\/span>\n <\/a>\n <\/div>\n  <\/div>\n <\/div>\n <\/div>\n <\/div>                    \n                                            <span class=\"atkp-priceinfo\">Preis inkl. MwSt., zzgl. Versandkosten<\/span>\n                                    <\/div>\n            <\/div>\n                            <span class=\"atkp-disclaimer\">Zuletzt aktualisiert am 30 April, 2026 um 14:50 . Wir weisen darauf hin, dass sich hier angezeigte Preise inzwischen ge\u00e4ndert haben k\u00f6nnen. Alle Angaben ohne Gew\u00e4hr.<\/span>\n            <\/div>\n<\/div><\/div>\n\n\n\n","protected":false},"excerpt":{"rendered":"<p>KTM tested its new 850cc engine for the MotoGP era starting in 2027 on the race track in Jerez for the first time.  The first laps mark an important step toward the upcoming regulations, which will bring about profound technical changes.<\/p>\n","protected":false},"author":4,"featured_media":183151,"comment_status":"closed","ping_status":"closed","sticky":false,"template":"","format":"standard","meta":{"_acf_changed":false,"iawp_total_views":60,"footnotes":""},"categories":[68,68,46,46,711,711],"tags":[724,621,764,714],"class_list":{"0":"post-166421","1":"post","2":"type-post","3":"status-publish","4":"format-standard","5":"has-post-thumbnail","6":"category-motogp-en-2","8":"category-motorsport-en","10":"category-news-en","12":"tag-ktm-en-2","13":"tag-motogp-en","14":"tag-motorsport-en","15":"tag-news-en"},"acf":[],"_links":{"self":[{"href":"https:\/\/www.motorcycles.news\/en\/wp-json\/wp\/v2\/posts\/166421","targetHints":{"allow":["GET"]}}],"collection":[{"href":"https:\/\/www.motorcycles.news\/en\/wp-json\/wp\/v2\/posts"}],"about":[{"href":"https:\/\/www.motorcycles.news\/en\/wp-json\/wp\/v2\/types\/post"}],"author":[{"embeddable":true,"href":"https:\/\/www.motorcycles.news\/en\/wp-json\/wp\/v2\/users\/4"}],"replies":[{"embeddable":true,"href":"https:\/\/www.motorcycles.news\/en\/wp-json\/wp\/v2\/comments?post=166421"}],"version-history":[{"count":0,"href":"https:\/\/www.motorcycles.news\/en\/wp-json\/wp\/v2\/posts\/166421\/revisions"}],"wp:featuredmedia":[{"embeddable":true,"href":"https:\/\/www.motorcycles.news\/en\/wp-json\/wp\/v2\/media\/183151"}],"wp:attachment":[{"href":"https:\/\/www.motorcycles.news\/en\/wp-json\/wp\/v2\/media?parent=166421"}],"wp:term":[{"taxonomy":"category","embeddable":true,"href":"https:\/\/www.motorcycles.news\/en\/wp-json\/wp\/v2\/categories?post=166421"},{"taxonomy":"post_tag","embeddable":true,"href":"https:\/\/www.motorcycles.news\/en\/wp-json\/wp\/v2\/tags?post=166421"}],"curies":[{"name":"wp","href":"https:\/\/api.w.org\/{rel}","templated":true}]}}